{"id":310,"date":"2022-08-31T11:42:11","date_gmt":"2022-08-31T11:42:11","guid":{"rendered":"https:\/\/www.ds-lighting.de\/?p=310"},"modified":"2022-08-31T23:10:33","modified_gmt":"2022-08-31T23:10:33","slug":"jazz-tage-idar-oberstein","status":"publish","type":"post","link":"https:\/\/www.ds-lighting.de\/index.php\/2022\/08\/31\/jazz-tage-idar-oberstein\/","title":{"rendered":"Jazz Tage Idar -Oberstein"},"content":{"rendered":"\n<p>Drei Tage volles Programm auf vier B\u00fchnen mit 25 fantastischen Bands.<\/p>\n\n\n\n<figure class=\"wp-block-image size-large\"><img fetchpriority=\"high\" decoding=\"async\" width=\"1024\" height=\"768\" src=\"https:\/\/www.ds-lighting.de\/wp-content\/uploads\/2022\/08\/img_9291-1024x768.jpg\" alt=\"\" class=\"wp-image-319\" srcset=\"https:\/\/www.ds-lighting.de\/wp-content\/uploads\/2022\/08\/img_9291-1024x768.jpg 1024w, https:\/\/www.ds-lighting.de\/wp-content\/uploads\/2022\/08\/img_9291-300x225.jpg 300w, https:\/\/www.ds-lighting.de\/wp-content\/uploads\/2022\/08\/img_9291-768x576.jpg 768w, https:\/\/www.ds-lighting.de\/wp-content\/uploads\/2022\/08\/img_9291-1536x1152.jpg 1536w, https:\/\/www.ds-lighting.de\/wp-content\/uploads\/2022\/08\/img_9291-2048x1536.jpg 2048w, https:\/\/www.ds-lighting.de\/wp-content\/uploads\/2022\/08\/img_9291-1200x900.jpg 1200w, https:\/\/www.ds-lighting.de\/wp-content\/uploads\/2022\/08\/img_9291-1980x1485.jpg 1980w\" sizes=\"(max-width: 1024px) 100vw, 1024px\" \/><\/figure>\n\n\n\n<p>Hier war ich f\u00fcr die Lichttechniche Betreuung  als Operator auf der Marktplatzb\u00fchne verantwortlich. Ein Gro\u00dfes Dankesch\u00f6n an meine Kollegen, es hat mega Spa\u00df  gemacht Ihr seit echt &#8222;geile Typen&#8220; auch ein riesen Dank an die Firma SL-Veranstaltungstechnik f\u00fcr das Vertragen und den Auftrag!<\/p>\n\n\n\n<figure class=\"wp-block-image size-large\"><img decoding=\"async\" width=\"1024\" height=\"768\" src=\"https:\/\/www.ds-lighting.de\/wp-content\/uploads\/2022\/08\/a6a87bf6-026f-4555-8b76-67250302f375-1024x768.jpg\" alt=\"\" class=\"wp-image-318\" srcset=\"https:\/\/www.ds-lighting.de\/wp-content\/uploads\/2022\/08\/a6a87bf6-026f-4555-8b76-67250302f375-1024x768.jpg 1024w, https:\/\/www.ds-lighting.de\/wp-content\/uploads\/2022\/08\/a6a87bf6-026f-4555-8b76-67250302f375-300x225.jpg 300w, https:\/\/www.ds-lighting.de\/wp-content\/uploads\/2022\/08\/a6a87bf6-026f-4555-8b76-67250302f375-768x576.jpg 768w, https:\/\/www.ds-lighting.de\/wp-content\/uploads\/2022\/08\/a6a87bf6-026f-4555-8b76-67250302f375-1536x1152.jpg 1536w, https:\/\/www.ds-lighting.de\/wp-content\/uploads\/2022\/08\/a6a87bf6-026f-4555-8b76-67250302f375-1200x900.jpg 1200w, https:\/\/www.ds-lighting.de\/wp-content\/uploads\/2022\/08\/a6a87bf6-026f-4555-8b76-67250302f375-1980x1485.jpg 1980w, https:\/\/www.ds-lighting.de\/wp-content\/uploads\/2022\/08\/a6a87bf6-026f-4555-8b76-67250302f375.jpg 2048w\" sizes=\"(max-width: 1024px) 100vw, 1024px\" \/><\/figure>\n\n\n\n<p>Bands:<br \/>&#8211; Feedy z Reggae Jam<br \/>&#8211; Jazzkantine<br \/>-Federkeil &amp; seine<\/p>\n\n\n\n<figure class=\"wp-block-image size-large\"><img decoding=\"async\" width=\"1024\" height=\"768\" src=\"https:\/\/www.ds-lighting.de\/wp-content\/uploads\/2022\/08\/img_9362-1024x768.jpg\" alt=\"\" class=\"wp-image-320\" srcset=\"https:\/\/www.ds-lighting.de\/wp-content\/uploads\/2022\/08\/img_9362-1024x768.jpg 1024w, https:\/\/www.ds-lighting.de\/wp-content\/uploads\/2022\/08\/img_9362-300x225.jpg 300w, https:\/\/www.ds-lighting.de\/wp-content\/uploads\/2022\/08\/img_9362-768x576.jpg 768w, https:\/\/www.ds-lighting.de\/wp-content\/uploads\/2022\/08\/img_9362-1536x1152.jpg 1536w, https:\/\/www.ds-lighting.de\/wp-content\/uploads\/2022\/08\/img_9362-2048x1536.jpg 2048w, https:\/\/www.ds-lighting.de\/wp-content\/uploads\/2022\/08\/img_9362-1200x900.jpg 1200w, https:\/\/www.ds-lighting.de\/wp-content\/uploads\/2022\/08\/img_9362-1980x1485.jpg 1980w\" sizes=\"(max-width: 1024px) 100vw, 1024px\" \/><\/figure>\n\n\n\n<p>Zum Einsatz kamen:<\/p>\n\n\n\n<p>4x LED Washer<br \/>8x 10R Spots der Marke MediaLED<br \/>8x Astera AX1<br \/>Grandma2 OnPC mit Commandwing. <\/p>\n\n\n\n<figure class=\"wp-block-image size-large\"><img loading=\"lazy\" decoding=\"async\" width=\"1024\" height=\"576\" src=\"https:\/\/www.ds-lighting.de\/wp-content\/uploads\/2022\/08\/f3f6e1f9-5e5e-4b34-aad5-4075f04535ce-1024x576.jpg\" alt=\"\" class=\"wp-image-316\" srcset=\"https:\/\/www.ds-lighting.de\/wp-content\/uploads\/2022\/08\/f3f6e1f9-5e5e-4b34-aad5-4075f04535ce-1024x576.jpg 1024w, https:\/\/www.ds-lighting.de\/wp-content\/uploads\/2022\/08\/f3f6e1f9-5e5e-4b34-aad5-4075f04535ce-300x169.jpg 300w, https:\/\/www.ds-lighting.de\/wp-content\/uploads\/2022\/08\/f3f6e1f9-5e5e-4b34-aad5-4075f04535ce-768x432.jpg 768w, https:\/\/www.ds-lighting.de\/wp-content\/uploads\/2022\/08\/f3f6e1f9-5e5e-4b34-aad5-4075f04535ce-1536x864.jpg 1536w, https:\/\/www.ds-lighting.de\/wp-content\/uploads\/2022\/08\/f3f6e1f9-5e5e-4b34-aad5-4075f04535ce-1200x675.jpg 1200w, https:\/\/www.ds-lighting.de\/wp-content\/uploads\/2022\/08\/f3f6e1f9-5e5e-4b34-aad5-4075f04535ce-1980x1114.jpg 1980w, https:\/\/www.ds-lighting.de\/wp-content\/uploads\/2022\/08\/f3f6e1f9-5e5e-4b34-aad5-4075f04535ce.jpg 2048w\" sizes=\"(max-width: 1024px) 100vw, 1024px\" \/><\/figure>\n\n\n\n<figure class=\"wp-block-image size-large\"><img loading=\"lazy\" decoding=\"async\" width=\"1024\" height=\"768\" src=\"https:\/\/www.ds-lighting.de\/wp-content\/uploads\/2022\/08\/058887f1-ee75-4535-85b5-2c4274d3d12b-1024x768.jpg\" alt=\"\" class=\"wp-image-317\" srcset=\"https:\/\/www.ds-lighting.de\/wp-content\/uploads\/2022\/08\/058887f1-ee75-4535-85b5-2c4274d3d12b-1024x768.jpg 1024w, https:\/\/www.ds-lighting.de\/wp-content\/uploads\/2022\/08\/058887f1-ee75-4535-85b5-2c4274d3d12b-300x225.jpg 300w, https:\/\/www.ds-lighting.de\/wp-content\/uploads\/2022\/08\/058887f1-ee75-4535-85b5-2c4274d3d12b-768x576.jpg 768w, https:\/\/www.ds-lighting.de\/wp-content\/uploads\/2022\/08\/058887f1-ee75-4535-85b5-2c4274d3d12b-1536x1152.jpg 1536w, https:\/\/www.ds-lighting.de\/wp-content\/uploads\/2022\/08\/058887f1-ee75-4535-85b5-2c4274d3d12b-1200x900.jpg 1200w, https:\/\/www.ds-lighting.de\/wp-content\/uploads\/2022\/08\/058887f1-ee75-4535-85b5-2c4274d3d12b-1980x1485.jpg 1980w, https:\/\/www.ds-lighting.de\/wp-content\/uploads\/2022\/08\/058887f1-ee75-4535-85b5-2c4274d3d12b.jpg 2048w\" sizes=\"(max-width: 1024px) 100vw, 1024px\" \/><\/figure>\n","protected":false},"excerpt":{"rendered":"<p>Drei Tage volles Programm auf vier B\u00fchnen mit 25 fantastischen Bands. Hier war ich f\u00fcr die Lichttechniche Betreuung als Operator auf der Marktplatzb\u00fchne verantwortlich. Ein Gro\u00dfes Dankesch\u00f6n an meine Kollegen, es hat mega Spa\u00df gemacht Ihr seit echt &#8222;geile Typen&#8220; auch ein riesen Dank an die Firma SL-Veranstaltungstechnik f\u00fcr das&hellip;<\/p>\n","protected":false},"author":1,"featured_media":319,"comment_status":"open","ping_status":"closed","sticky":false,"template":"","format":"standard","meta":{"ngg_post_thumbnail":0},"categories":[3],"tags":[14],"yoast_head":"<!-- This site is optimized with the Yoast SEO plugin v21.8.1 - https:\/\/yoast.com\/wordpress\/plugins\/seo\/ -->\n<title>Jazz Tage Idar -Oberstein - DS Lighting<\/title>\n<meta name=\"robots\" content=\"index, follow, max-snippet:-1, max-image-preview:large, max-video-preview:-1\" \/>\n<link rel=\"canonical\" href=\"https:\/\/www.ds-lighting.de\/index.php\/2022\/08\/31\/jazz-tage-idar-oberstein\/\" \/>\n<meta property=\"og:locale\" content=\"de_DE\" \/>\n<meta property=\"og:type\" content=\"article\" \/>\n<meta property=\"og:title\" content=\"Jazz Tage Idar -Oberstein - DS Lighting\" \/>\n<meta property=\"og:description\" content=\"Drei Tage volles Programm auf vier B\u00fchnen mit 25 fantastischen Bands. Hier war ich f\u00fcr die Lichttechniche Betreuung als Operator auf der Marktplatzb\u00fchne verantwortlich. Ein Gro\u00dfes Dankesch\u00f6n an meine Kollegen, es hat mega Spa\u00df gemacht Ihr seit echt &#8222;geile Typen&#8220; auch ein riesen Dank an die Firma SL-Veranstaltungstechnik f\u00fcr das&hellip;\" \/>\n<meta property=\"og:url\" content=\"https:\/\/www.ds-lighting.de\/index.php\/2022\/08\/31\/jazz-tage-idar-oberstein\/\" \/>\n<meta property=\"og:site_name\" content=\"DS Lighting\" \/>\n<meta property=\"article:published_time\" content=\"2022-08-31T11:42:11+00:00\" \/>\n<meta property=\"article:modified_time\" content=\"2022-08-31T23:10:33+00:00\" \/>\n<meta property=\"og:image\" content=\"https:\/\/www.ds-lighting.de\/wp-content\/uploads\/2022\/08\/img_9291-scaled.jpg\" \/>\n\t<meta property=\"og:image:width\" content=\"2560\" \/>\n\t<meta property=\"og:image:height\" content=\"1920\" \/>\n\t<meta property=\"og:image:type\" content=\"image\/jpeg\" \/>\n<meta name=\"author\" content=\"admin\" \/>\n<meta name=\"twitter:card\" content=\"summary_large_image\" \/>\n<meta name=\"twitter:label1\" content=\"Verfasst von\" \/>\n\t<meta name=\"twitter:data1\" content=\"admin\" \/>\n<script type=\"application\/ld+json\" class=\"yoast-schema-graph\">{\"@context\":\"https:\/\/schema.org\",\"@graph\":[{\"@type\":\"Article\",\"@id\":\"https:\/\/www.ds-lighting.de\/index.php\/2022\/08\/31\/jazz-tage-idar-oberstein\/#article\",\"isPartOf\":{\"@id\":\"https:\/\/www.ds-lighting.de\/index.php\/2022\/08\/31\/jazz-tage-idar-oberstein\/\"},\"author\":{\"name\":\"admin\",\"@id\":\"https:\/\/www.ds-lighting.de\/#\/schema\/person\/cfc58fae7c7e2b95137c985acbdeef43\"},\"headline\":\"Jazz Tage Idar -Oberstein\",\"datePublished\":\"2022-08-31T11:42:11+00:00\",\"dateModified\":\"2022-08-31T23:10:33+00:00\",\"mainEntityOfPage\":{\"@id\":\"https:\/\/www.ds-lighting.de\/index.php\/2022\/08\/31\/jazz-tage-idar-oberstein\/\"},\"wordCount\":91,\"commentCount\":0,\"publisher\":{\"@id\":\"https:\/\/www.ds-lighting.de\/#organization\"},\"keywords\":[\"Jazz Tage Idar Oberstein; DS-Lighting; Lichtoperator\"],\"articleSection\":[\"Veranstaltungen\"],\"inLanguage\":\"de\",\"potentialAction\":[{\"@type\":\"CommentAction\",\"name\":\"Comment\",\"target\":[\"https:\/\/www.ds-lighting.de\/index.php\/2022\/08\/31\/jazz-tage-idar-oberstein\/#respond\"]}]},{\"@type\":\"WebPage\",\"@id\":\"https:\/\/www.ds-lighting.de\/index.php\/2022\/08\/31\/jazz-tage-idar-oberstein\/\",\"url\":\"https:\/\/www.ds-lighting.de\/index.php\/2022\/08\/31\/jazz-tage-idar-oberstein\/\",\"name\":\"Jazz Tage Idar -Oberstein - DS Lighting\",\"isPartOf\":{\"@id\":\"https:\/\/www.ds-lighting.de\/#website\"},\"datePublished\":\"2022-08-31T11:42:11+00:00\",\"dateModified\":\"2022-08-31T23:10:33+00:00\",\"breadcrumb\":{\"@id\":\"https:\/\/www.ds-lighting.de\/index.php\/2022\/08\/31\/jazz-tage-idar-oberstein\/#breadcrumb\"},\"inLanguage\":\"de\",\"potentialAction\":[{\"@type\":\"ReadAction\",\"target\":[\"https:\/\/www.ds-lighting.de\/index.php\/2022\/08\/31\/jazz-tage-idar-oberstein\/\"]}]},{\"@type\":\"BreadcrumbList\",\"@id\":\"https:\/\/www.ds-lighting.de\/index.php\/2022\/08\/31\/jazz-tage-idar-oberstein\/#breadcrumb\",\"itemListElement\":[{\"@type\":\"ListItem\",\"position\":1,\"name\":\"Home\",\"item\":\"https:\/\/www.ds-lighting.de\/\"},{\"@type\":\"ListItem\",\"position\":2,\"name\":\"Jazz Tage Idar -Oberstein\"}]},{\"@type\":\"WebSite\",\"@id\":\"https:\/\/www.ds-lighting.de\/#website\",\"url\":\"https:\/\/www.ds-lighting.de\/\",\"name\":\"DS Lighting\",\"description\":\"Freier Lichttechniker\",\"publisher\":{\"@id\":\"https:\/\/www.ds-lighting.de\/#organization\"},\"potentialAction\":[{\"@type\":\"SearchAction\",\"target\":{\"@type\":\"EntryPoint\",\"urlTemplate\":\"https:\/\/www.ds-lighting.de\/?s={search_term_string}\"},\"query-input\":\"required name=search_term_string\"}],\"inLanguage\":\"de\"},{\"@type\":\"Organization\",\"@id\":\"https:\/\/www.ds-lighting.de\/#organization\",\"name\":\"DS Lighting\",\"url\":\"https:\/\/www.ds-lighting.de\/\",\"logo\":{\"@type\":\"ImageObject\",\"inLanguage\":\"de\",\"@id\":\"https:\/\/www.ds-lighting.de\/#\/schema\/logo\/image\/\",\"url\":\"https:\/\/www.ds-lighting.de\/wp-content\/uploads\/2025\/04\/IMG_0445-2.gif\",\"contentUrl\":\"https:\/\/www.ds-lighting.de\/wp-content\/uploads\/2025\/04\/IMG_0445-2.gif\",\"width\":1000,\"height\":414,\"caption\":\"DS Lighting\"},\"image\":{\"@id\":\"https:\/\/www.ds-lighting.de\/#\/schema\/logo\/image\/\"}},{\"@type\":\"Person\",\"@id\":\"https:\/\/www.ds-lighting.de\/#\/schema\/person\/cfc58fae7c7e2b95137c985acbdeef43\",\"name\":\"admin\",\"image\":{\"@type\":\"ImageObject\",\"inLanguage\":\"de\",\"@id\":\"https:\/\/www.ds-lighting.de\/#\/schema\/person\/image\/\",\"url\":\"https:\/\/secure.gravatar.com\/avatar\/6dab891f59e5eecf27ef9027f30185a3?s=96&d=mm&r=g\",\"contentUrl\":\"https:\/\/secure.gravatar.com\/avatar\/6dab891f59e5eecf27ef9027f30185a3?s=96&d=mm&r=g\",\"caption\":\"admin\"},\"url\":\"https:\/\/www.ds-lighting.de\/index.php\/author\/litej86\/\"}]}<\/script>\n<!-- \/ Yoast SEO plugin. -->","yoast_head_json":{"title":"Jazz Tage Idar -Oberstein - DS Lighting","robots":{"index":"index","follow":"follow","max-snippet":"max-snippet:-1","max-image-preview":"max-image-preview:large","max-video-preview":"max-video-preview:-1"},"canonical":"https:\/\/www.ds-lighting.de\/index.php\/2022\/08\/31\/jazz-tage-idar-oberstein\/","og_locale":"de_DE","og_type":"article","og_title":"Jazz Tage Idar -Oberstein - DS Lighting","og_description":"Drei Tage volles Programm auf vier B\u00fchnen mit 25 fantastischen Bands. Hier war ich f\u00fcr die Lichttechniche Betreuung als Operator auf der Marktplatzb\u00fchne verantwortlich. Ein Gro\u00dfes Dankesch\u00f6n an meine Kollegen, es hat mega Spa\u00df gemacht Ihr seit echt &#8222;geile Typen&#8220; auch ein riesen Dank an die Firma SL-Veranstaltungstechnik f\u00fcr das&hellip;","og_url":"https:\/\/www.ds-lighting.de\/index.php\/2022\/08\/31\/jazz-tage-idar-oberstein\/","og_site_name":"DS Lighting","article_published_time":"2022-08-31T11:42:11+00:00","article_modified_time":"2022-08-31T23:10:33+00:00","og_image":[{"width":2560,"height":1920,"url":"https:\/\/www.ds-lighting.de\/wp-content\/uploads\/2022\/08\/img_9291-scaled.jpg","type":"image\/jpeg"}],"author":"admin","twitter_card":"summary_large_image","twitter_misc":{"Verfasst von":"admin"},"schema":{"@context":"https:\/\/schema.org","@graph":[{"@type":"Article","@id":"https:\/\/www.ds-lighting.de\/index.php\/2022\/08\/31\/jazz-tage-idar-oberstein\/#article","isPartOf":{"@id":"https:\/\/www.ds-lighting.de\/index.php\/2022\/08\/31\/jazz-tage-idar-oberstein\/"},"author":{"name":"admin","@id":"https:\/\/www.ds-lighting.de\/#\/schema\/person\/cfc58fae7c7e2b95137c985acbdeef43"},"headline":"Jazz Tage Idar -Oberstein","datePublished":"2022-08-31T11:42:11+00:00","dateModified":"2022-08-31T23:10:33+00:00","mainEntityOfPage":{"@id":"https:\/\/www.ds-lighting.de\/index.php\/2022\/08\/31\/jazz-tage-idar-oberstein\/"},"wordCount":91,"commentCount":0,"publisher":{"@id":"https:\/\/www.ds-lighting.de\/#organization"},"keywords":["Jazz Tage Idar Oberstein; DS-Lighting; Lichtoperator"],"articleSection":["Veranstaltungen"],"inLanguage":"de","potentialAction":[{"@type":"CommentAction","name":"Comment","target":["https:\/\/www.ds-lighting.de\/index.php\/2022\/08\/31\/jazz-tage-idar-oberstein\/#respond"]}]},{"@type":"WebPage","@id":"https:\/\/www.ds-lighting.de\/index.php\/2022\/08\/31\/jazz-tage-idar-oberstein\/","url":"https:\/\/www.ds-lighting.de\/index.php\/2022\/08\/31\/jazz-tage-idar-oberstein\/","name":"Jazz Tage Idar -Oberstein - DS Lighting","isPartOf":{"@id":"https:\/\/www.ds-lighting.de\/#website"},"datePublished":"2022-08-31T11:42:11+00:00","dateModified":"2022-08-31T23:10:33+00:00","breadcrumb":{"@id":"https:\/\/www.ds-lighting.de\/index.php\/2022\/08\/31\/jazz-tage-idar-oberstein\/#breadcrumb"},"inLanguage":"de","potentialAction":[{"@type":"ReadAction","target":["https:\/\/www.ds-lighting.de\/index.php\/2022\/08\/31\/jazz-tage-idar-oberstein\/"]}]},{"@type":"BreadcrumbList","@id":"https:\/\/www.ds-lighting.de\/index.php\/2022\/08\/31\/jazz-tage-idar-oberstein\/#breadcrumb","itemListElement":[{"@type":"ListItem","position":1,"name":"Home","item":"https:\/\/www.ds-lighting.de\/"},{"@type":"ListItem","position":2,"name":"Jazz Tage Idar -Oberstein"}]},{"@type":"WebSite","@id":"https:\/\/www.ds-lighting.de\/#website","url":"https:\/\/www.ds-lighting.de\/","name":"DS Lighting","description":"Freier Lichttechniker","publisher":{"@id":"https:\/\/www.ds-lighting.de\/#organization"},"potentialAction":[{"@type":"SearchAction","target":{"@type":"EntryPoint","urlTemplate":"https:\/\/www.ds-lighting.de\/?s={search_term_string}"},"query-input":"required name=search_term_string"}],"inLanguage":"de"},{"@type":"Organization","@id":"https:\/\/www.ds-lighting.de\/#organization","name":"DS Lighting","url":"https:\/\/www.ds-lighting.de\/","logo":{"@type":"ImageObject","inLanguage":"de","@id":"https:\/\/www.ds-lighting.de\/#\/schema\/logo\/image\/","url":"https:\/\/www.ds-lighting.de\/wp-content\/uploads\/2025\/04\/IMG_0445-2.gif","contentUrl":"https:\/\/www.ds-lighting.de\/wp-content\/uploads\/2025\/04\/IMG_0445-2.gif","width":1000,"height":414,"caption":"DS Lighting"},"image":{"@id":"https:\/\/www.ds-lighting.de\/#\/schema\/logo\/image\/"}},{"@type":"Person","@id":"https:\/\/www.ds-lighting.de\/#\/schema\/person\/cfc58fae7c7e2b95137c985acbdeef43","name":"admin","image":{"@type":"ImageObject","inLanguage":"de","@id":"https:\/\/www.ds-lighting.de\/#\/schema\/person\/image\/","url":"https:\/\/secure.gravatar.com\/avatar\/6dab891f59e5eecf27ef9027f30185a3?s=96&d=mm&r=g","contentUrl":"https:\/\/secure.gravatar.com\/avatar\/6dab891f59e5eecf27ef9027f30185a3?s=96&d=mm&r=g","caption":"admin"},"url":"https:\/\/www.ds-lighting.de\/index.php\/author\/litej86\/"}]}},"jetpack_sharing_enabled":true,"jetpack_featured_media_url":"https:\/\/www.ds-lighting.de\/wp-content\/uploads\/2022\/08\/img_9291-scaled.jpg","_links":{"self":[{"href":"https:\/\/www.ds-lighting.de\/index.php\/wp-json\/wp\/v2\/posts\/310"}],"collection":[{"href":"https:\/\/www.ds-lighting.de\/index.php\/wp-json\/wp\/v2\/posts"}],"about":[{"href":"https:\/\/www.ds-lighting.de\/index.php\/wp-json\/wp\/v2\/types\/post"}],"author":[{"embeddable":true,"href":"https:\/\/www.ds-lighting.de\/index.php\/wp-json\/wp\/v2\/users\/1"}],"replies":[{"embeddable":true,"href":"https:\/\/www.ds-lighting.de\/index.php\/wp-json\/wp\/v2\/comments?post=310"}],"version-history":[{"count":2,"href":"https:\/\/www.ds-lighting.de\/index.php\/wp-json\/wp\/v2\/posts\/310\/revisions"}],"predecessor-version":[{"id":323,"href":"https:\/\/www.ds-lighting.de\/index.php\/wp-json\/wp\/v2\/posts\/310\/revisions\/323"}],"wp:featuredmedia":[{"embeddable":true,"href":"https:\/\/www.ds-lighting.de\/index.php\/wp-json\/wp\/v2\/media\/319"}],"wp:attachment":[{"href":"https:\/\/www.ds-lighting.de\/index.php\/wp-json\/wp\/v2\/media?parent=310"}],"wp:term":[{"taxonomy":"category","embeddable":true,"href":"https:\/\/www.ds-lighting.de\/index.php\/wp-json\/wp\/v2\/categories?post=310"},{"taxonomy":"post_tag","embeddable":true,"href":"https:\/\/www.ds-lighting.de\/index.php\/wp-json\/wp\/v2\/tags?post=310"}],"curies":[{"name":"wp","href":"https:\/\/api.w.org\/{rel}","templated":true}]}}